{"id":102953,"date":"2026-04-28T10:37:49","date_gmt":"2026-04-28T08:37:49","guid":{"rendered":"https:\/\/www.innovae.com\/?p=102953"},"modified":"2026-04-28T10:57:07","modified_gmt":"2026-04-28T08:57:07","slug":"praticas-realidade-virtual-sala-de-aula","status":"publish","type":"post","link":"https:\/\/www.innovae.com\/pt-pt\/praticas-realidade-virtual-sala-de-aula\/","title":{"rendered":"Boas pr\u00e1ticas para integrar a Realidade Virtual na sala de aula"},"content":{"rendered":"<div class=\"wpb-content-wrapper\"><p>[vc_row type=&#8221;container&#8221; padding_top=&#8221;&#8221; padding_bottom=&#8221;&#8221;][vc_column][vc_column_text css=&#8221;&#8221;]<\/p>\n<p style=\"text-align: justify;\">A Realidade Virtual est\u00e1 destinada a transformar a forma como ensinamos e aprendemos. A sua capacidade de imergir os alunos em ambientes simulados abre as portas a experi\u00eancias muito mais pr\u00e1ticas, interativas e motivadoras.<\/p>\n<p>[\/vc_column_text][\/vc_column][\/vc_row][vc_row type=&#8221;container&#8221; padding_top=&#8221;&#8221; padding_bottom=&#8221;&#8221;][vc_column][vc_column_text css=&#8221;&#8221;]<\/p>\n<p style=\"text-align: justify;\">No entanto, introduzir esta tecnologia na sala de aula n\u00e3o \u00e9, por si s\u00f3, sin\u00f3nimo de inova\u00e7\u00e3o educativa. O seu impacto real depende em grande medida da forma como \u00e9 utilizada. E \u00e9 a\u00ed que entram em jogo as boas pr\u00e1ticas: pequenos detalhes t\u00e9cnicos, metodol\u00f3gicos e organizacionais que fazem a diferen\u00e7a.<\/p>\n<p>[\/vc_column_text][\/vc_column][\/vc_row][vc_row type=&#8221;container&#8221; padding_top=&#8221;&#8221; padding_bottom=&#8221;&#8221;][vc_column][vc_custom_heading text=&#8221;Antes de come\u00e7ar: preparar o ambiente para que tudo corra bem&#8221; font_container=&#8221;tag:h2|font_size:28px|text_align:left|color:%23D50057|line_height:36px&#8221; google_fonts=&#8221;font_family:Lato%3A100%2C100italic%2C300%2C300italic%2Cregular%2Citalic%2C700%2C700italic%2C900%2C900italic|font_style:700%20bold%20regular%3A700%3Anormal&#8221; css=&#8221;.vc_custom_1777294095167{margin-bottom: 20px !important;}&#8221;][\/vc_column][\/vc_row][vc_row type=&#8221;container&#8221; padding_top=&#8221;&#8221; padding_bottom=&#8221;&#8221;][vc_column][vc_column_text css=&#8221;&#8221;]<\/p>\n<p style=\"text-align: justify;\">Toda boa experi\u00eancia de realidade virtual come\u00e7a antes de os alunos colocarem os \u00f3culos. Na verdade, muitos dos incidentes que podem surgir durante uma sess\u00e3o t\u00eam origem numa prepara\u00e7\u00e3o insuficiente.<\/p>\n<p>[\/vc_column_text][\/vc_column][\/vc_row][vc_row type=&#8221;container&#8221; padding_top=&#8221;&#8221; padding_bottom=&#8221;&#8221;][vc_column][vc_column_text css=&#8221;&#8221;]<\/p>\n<p style=\"text-align: justify;\">Por exemplo, algo t\u00e3o aparentemente simples como o carregamento dos dispositivos pode condicionar completamente a aula. Garantir que tanto os \u00f3culos como os comandos est\u00e3o prontos evita interrup\u00e7\u00f5es desnecess\u00e1rias e permite centrar a aten\u00e7\u00e3o na aprendizagem desde o primeiro momento.<\/p>\n<p>[\/vc_column_text][\/vc_column][\/vc_row][vc_row type=&#8221;container&#8221; padding_top=&#8221;&#8221; padding_bottom=&#8221;&#8221;][vc_column][vc_single_image image=&#8221;102947&#8243; img_size=&#8221;full&#8221; alignment=&#8221;center&#8221; css=&#8221;&#8221;][\/vc_column][\/vc_row][vc_row type=&#8221;container&#8221; padding_top=&#8221;&#8221; padding_bottom=&#8221;&#8221;][vc_column][vc_column_text css=&#8221;&#8221;]<\/p>\n<p style=\"text-align: justify;\">A esta prepara\u00e7\u00e3o t\u00e9cnica junta-se outro elemento igualmente cr\u00edtico: a conectividade. Uma rede inst\u00e1vel n\u00e3o s\u00f3 torna a experi\u00eancia mais lenta, como pode gerar frustra\u00e7\u00e3o e quebrar o ritmo da sess\u00e3o. Por isso, sempre que poss\u00edvel, conv\u00e9m evitar redes Wi-Fi gerais do centro e optar por liga\u00e7\u00f5es mais est\u00e1veis e dedicadas.<\/p>\n<p>[\/vc_column_text][\/vc_column][\/vc_row][vc_row type=&#8221;container&#8221; padding_top=&#8221;&#8221; padding_bottom=&#8221;&#8221;][vc_column][vc_column_text css=&#8221;&#8221;]<\/p>\n<p style=\"text-align: justify;\">Neste mesmo sentido, organizar corretamente os dispositivos facilita enormemente a gest\u00e3o na sala de aula. Ter visores e controladores emparelhados e etiquetados n\u00e3o \u00e9 apenas uma quest\u00e3o log\u00edstica, mas uma forma de poupar tempo e reduzir erros quando v\u00e1rios alunos utilizam o mesmo equipamento.<\/p>\n<p>[\/vc_column_text][\/vc_column][\/vc_row][vc_row type=&#8221;container&#8221; padding_top=&#8221;&#8221; padding_bottom=&#8221;&#8221;][vc_column][vc_column_text css=&#8221;&#8221;]<\/p>\n<p style=\"text-align: justify;\">O espa\u00e7o f\u00edsico tamb\u00e9m desempenha um papel determinante. A realidade virtual requer um ambiente seguro e bem definido, onde cada aluno disponha de margem de movimento suficiente. Embora algumas experi\u00eancias permitam trabalhar praticamente sem deslocamento, o habitual \u00e9 necessitar de \u00e1reas mais amplas, de pelo menos dois metros quadrados, onde o utilizador possa interagir com naturalidade sem risco de colis\u00f5es.<\/p>\n<p>[\/vc_column_text][\/vc_column][\/vc_row][vc_row type=&#8221;container&#8221; padding_top=&#8221;&#8221; padding_bottom=&#8221;&#8221;][vc_column][vc_column_text css=&#8221;&#8221;]<\/p>\n<p style=\"text-align: justify;\">Neste ponto, h\u00e1 detalhes que muitas vezes passam despercebidos, mas que t\u00eam um impacto direto na seguran\u00e7a e na qualidade da experi\u00eancia. Os espelhos, por exemplo, podem interferir no sistema de rastreamento ao duplicar visualmente o espa\u00e7o. Por isso, remov\u00ea-los ou cobri-los \u00e9 uma medida simples que evita problemas maiores.<\/p>\n<p>[\/vc_column_text][\/vc_column][\/vc_row][vc_row type=&#8221;container&#8221; padding_top=&#8221;&#8221; padding_bottom=&#8221;&#8221;][vc_column][vc_column_text css=&#8221;&#8221;]<\/p>\n<p style=\"text-align: justify;\">Da mesma forma, verificar se os conte\u00fados est\u00e3o atualizados e se os dispositivos est\u00e3o limpos e prontos a usar n\u00e3o s\u00f3 melhora a experi\u00eancia, como transmite uma sensa\u00e7\u00e3o de ordem e profissionalismo que tamb\u00e9m faz parte do processo educativo.<\/p>\n<p>[\/vc_column_text][\/vc_column][\/vc_row][vc_row type=&#8221;container&#8221; padding_top=&#8221;&#8221; padding_bottom=&#8221;&#8221;][vc_column][vc_custom_heading text=&#8221;Durante a sess\u00e3o: transformar a experi\u00eancia em aprendizagem&#8221; font_container=&#8221;tag:h2|font_size:28px|text_align:left|color:%23D50057|line_height:36px&#8221; google_fonts=&#8221;font_family:Lato%3A100%2C100italic%2C300%2C300italic%2Cregular%2Citalic%2C700%2C700italic%2C900%2C900italic|font_style:700%20bold%20regular%3A700%3Anormal&#8221; css=&#8221;.vc_custom_1777294154024{margin-bottom: 20px !important;}&#8221;][\/vc_column][\/vc_row][vc_row type=&#8221;container&#8221; padding_top=&#8221;&#8221; padding_bottom=&#8221;&#8221;][vc_column][vc_column_text css=&#8221;&#8221;]<\/p>\n<p style=\"text-align: justify;\">Assim que tudo estiver preparado e a aula come\u00e7ar, o verdadeiro desafio n\u00e3o \u00e9 t\u00e9cnico, mas sim pedag\u00f3gico: integrar a realidade virtual na din\u00e2mica da sala de aula.<\/p>\n<p>[\/vc_column_text][\/vc_column][\/vc_row][vc_row type=&#8221;container&#8221; padding_top=&#8221;&#8221; padding_bottom=&#8221;&#8221;][vc_column][vc_column_text css=&#8221;&#8221;]<\/p>\n<p style=\"text-align: justify;\">Para o conseguir, \u00e9 fundamental evitar que a RV seja vista como uma atividade isolada ou meramente demonstrativa. O seu verdadeiro valor surge quando se liga ao resto da metodologia e- , fazendo parte de um percurso de aprendizagem mais amplo. Neste contexto, combinar a experi\u00eancia imersiva com atividades complementares, como debates, exerc\u00edcios ou an\u00e1lises, permite que todos os alunos participem ativamente, independentemente de estarem a usar os \u00f3culos naquele momento.<\/p>\n<p>[\/vc_column_text][\/vc_column][\/vc_row][vc_row type=&#8221;container&#8221; padding_top=&#8221;&#8221; padding_bottom=&#8221;&#8221;][vc_column][vc_column_text css=&#8221;&#8221;]<\/p>\n<p style=\"text-align: justify;\">\u00c9 aqui que ferramentas como a transmiss\u00e3o sem fios assumem especial relev\u00e2ncia. Poder projetar num ecr\u00e3 o que o utilizador v\u00ea no ambiente virtual n\u00e3o s\u00f3 facilita o acompanhamento da atividade, como transforma a experi\u00eancia em algo coletivo, gerando conversa, reflex\u00e3o e aprendizagem partilhada.<\/p>\n<p>[\/vc_column_text][\/vc_column][\/vc_row][vc_row type=&#8221;container&#8221; padding_top=&#8221;&#8221; padding_bottom=&#8221;&#8221;][vc_column][vc_column_text css=&#8221;&#8221;]<\/p>\n<p style=\"text-align: justify;\">\u00c0 medida que os alunos se envolvem na experi\u00eancia, entram em jogo outros fatores mais relacionados com o conforto e a perce\u00e7\u00e3o. Ajustar corretamente a dist\u00e2ncia interpupilar, por exemplo, \u00e9 fundamental para evitar vis\u00e3o turva, fadiga ou tonturas. Da mesma forma, um posicionamento correto do visor pode marcar a diferen\u00e7a entre uma experi\u00eancia imersiva \u00f3tima e uma com atritos.<\/p>\n<p>[\/vc_column_text][\/vc_column][\/vc_row][vc_row type=&#8221;container&#8221; padding_top=&#8221;&#8221; padding_bottom=&#8221;&#8221;][vc_column][vc_single_image image=&#8221;102935&#8243; img_size=&#8221;full&#8221; alignment=&#8221;center&#8221; css=&#8221;&#8221;][\/vc_column][\/vc_row][vc_row type=&#8221;container&#8221; padding_top=&#8221;&#8221; padding_bottom=&#8221;&#8221;][vc_column][vc_column_text css=&#8221;&#8221;]<\/p>\n<p style=\"text-align: justify;\">Neste mesmo sentido, tamb\u00e9m \u00e9 recomend\u00e1vel planear pausas durante a sess\u00e3o. O uso cont\u00ednuo da realidade virtual pode causar fadiga visual, pelo que introduzir pausas a cada 30 ou 40 minutos ajuda a reduzir a carga ocular e a manter a concentra\u00e7\u00e3o dos alunos ao longo da atividade.<\/p>\n<p>[\/vc_column_text][\/vc_column][\/vc_row][vc_row type=&#8221;container&#8221; padding_top=&#8221;&#8221; padding_bottom=&#8221;&#8221;][vc_column][vc_column_text css=&#8221;&#8221;]<\/p>\n<p style=\"text-align: justify;\">Estas pequenas considera\u00e7\u00f5es, juntamente com uma breve revis\u00e3o inicial dos controlos e formas de intera\u00e7\u00e3o, ajudam os alunos a sentirem-se seguros e aut\u00f3nomos desde o in\u00edcio. E essa seguran\u00e7a \u00e9 essencial para que se possam concentrar no que \u00e9 importante: aprender.<\/p>\n<p>[\/vc_column_text][\/vc_column][\/vc_row][vc_row type=&#8221;container&#8221; padding_top=&#8221;&#8221; padding_bottom=&#8221;&#8221;][vc_column][vc_column_text css=&#8221;&#8221;]<\/p>\n<p style=\"text-align: justify;\">Paralelamente, \u00e9 importante n\u00e3o perder de vista o ambiente f\u00edsico. Configurar corretamente o sistema de seguran\u00e7a permite definir os limites do espa\u00e7o e antecipar poss\u00edveis riscos. Na mesma linha, lembrar a utiliza\u00e7\u00e3o das correias de pulso dos comandos evita acidentes e protege tanto o utilizador como o equipamento.<\/p>\n<p>[\/vc_column_text][\/vc_column][\/vc_row][vc_row type=&#8221;container&#8221; padding_top=&#8221;&#8221; padding_bottom=&#8221;&#8221;][vc_column][vc_column_text css=&#8221;&#8221;]<\/p>\n<p style=\"text-align: justify;\">Fatores como a ilumina\u00e7\u00e3o influenciam mais do que parece. Trabalhar em ambientes interiores, com luz controlada, n\u00e3o s\u00f3 protege os dispositivos da luz solar, como contribui para uma experi\u00eancia mais est\u00e1vel e confort\u00e1vel.<\/p>\n<p>[\/vc_column_text][\/vc_column][\/vc_row][vc_row type=&#8221;container&#8221; padding_top=&#8221;&#8221; padding_bottom=&#8221;&#8221;][vc_column][vc_custom_heading text=&#8221;Ap\u00f3s a sess\u00e3o: cuidar do equipamento para garantir a continuidade&#8221; font_container=&#8221;tag:h2|font_size:28px|text_align:left|color:%23D50057|line_height:36px&#8221; google_fonts=&#8221;font_family:Lato%3A100%2C100italic%2C300%2C300italic%2Cregular%2Citalic%2C700%2C700italic%2C900%2C900italic|font_style:700%20bold%20regular%3A700%3Anormal&#8221; css=&#8221;.vc_custom_1777294242903{margin-bottom: 20px !important;}&#8221;][\/vc_column][\/vc_row][vc_row type=&#8221;container&#8221; padding_top=&#8221;&#8221; padding_bottom=&#8221;&#8221;][vc_column][vc_column_text css=&#8221;&#8221;]<\/p>\n<p style=\"text-align: justify;\">Quando a aula termina, come\u00e7a uma fase igualmente importante: a gest\u00e3o e manuten\u00e7\u00e3o do equipamento. Este momento, muitas vezes esquecido, \u00e9 fundamental para garantir que a tecnologia continue a ser uma ferramenta \u00fatil a longo prazo.<\/p>\n<p>[\/vc_column_text][\/vc_column][\/vc_row][vc_row type=&#8221;container&#8221; padding_top=&#8221;&#8221; padding_bottom=&#8221;&#8221;][vc_column][vc_column_text css=&#8221;&#8221;]<\/p>\n<p style=\"text-align: justify;\">A limpeza dos dispositivos ap\u00f3s cada utiliza\u00e7\u00e3o n\u00e3o \u00e9 apenas uma quest\u00e3o de higiene, mas tamb\u00e9m de conserva\u00e7\u00e3o. Utilizar produtos adequados, evitando aqueles \u00e0 base de \u00e1lcool, ajuda a manter os materiais em bom estado e a prolongar a sua vida \u00fatil.<\/p>\n<p>[\/vc_column_text][\/vc_column][\/vc_row][vc_row type=&#8221;container&#8221; padding_top=&#8221;&#8221; padding_bottom=&#8221;&#8221;][vc_column][vc_column_text css=&#8221;&#8221;]<\/p>\n<p style=\"text-align: justify;\">A partir da\u00ed, pequenos gestos como verificar se cada visor tem os seus controlos correspondentes, desligar completamente os dispositivos ou deix\u00e1-los a carregar para a sess\u00e3o seguinte fazem parte de uma rotina que facilita enormemente o trabalho di\u00e1rio.<\/p>\n<p>[\/vc_column_text][\/vc_column][\/vc_row][vc_row type=&#8221;container&#8221; padding_top=&#8221;&#8221; padding_bottom=&#8221;&#8221;][vc_column][vc_single_image image=&#8221;102941&#8243; img_size=&#8221;full&#8221; alignment=&#8221;center&#8221; css=&#8221;&#8221;][\/vc_column][\/vc_row][vc_row type=&#8221;container&#8221; padding_top=&#8221;&#8221; padding_bottom=&#8221;&#8221;][vc_column][vc_column_text css=&#8221;&#8221;]<\/p>\n<p style=\"text-align: justify;\">Neste sentido, dispor de um espa\u00e7o espec\u00edfico para armazenar, carregar e manter os equipamentos n\u00e3o \u00e9 um luxo, mas sim uma necessidade. Isto permite mant\u00ea-los afastados da \u00e1gua, da humidade e do p\u00f3; reduz as incid\u00eancias, evita perdas e, acima de tudo, elimina barreiras para que os professores integrem a realidade virtual com naturalidade na sua pr\u00e1tica docente.<\/p>\n<p>[\/vc_column_text][\/vc_column][\/vc_row][vc_row type=&#8221;container&#8221; padding_top=&#8221;&#8221; padding_bottom=&#8221;&#8221;][vc_column][vc_column_text css=&#8221;&#8221;]<\/p>\n<p style=\"text-align: justify;\">A realidade virtual tem o potencial de transformar a educa\u00e7\u00e3o, mas n\u00e3o o faz por si s\u00f3. O seu impacto depende da forma como \u00e9 planeada, integrada e gerida na sala de aula. Quando utilizada com crit\u00e9rio, deixa de ser uma mera tecnologia inovadora para se tornar uma verdadeira ferramenta de aprendizagem. E \u00e9 precisamente a\u00ed que reside o seu maior valor.<\/p>\n<p>[\/vc_column_text][\/vc_column][\/vc_row]<\/p>\n<\/div>","protected":false},"excerpt":{"rendered":"<p>[vc_row type=&#8221;container&#8221; padding_top=&#8221;&#8221; padding_bottom=&#8221;&#8221;][vc_column][vc_column_text css=&#8221;&#8221;] A Realidade Virtual est\u00e1 destinada a transformar a forma como ensinamos e aprendemos. A sua capacidade de imergir os alunos em ambientes simulados abre as portas a experi\u00eancias muito mais pr\u00e1ticas, interativas e motivadoras. [\/vc_column_text][\/vc_column][\/vc_row][vc_row type=&#8221;container&#8221; padding_top=&#8221;&#8221; padding_bottom=&#8221;&#8221;][vc_column][vc_column_text css=&#8221;&#8221;] No entanto, introduzir esta tecnologia na sala de aula n\u00e3o \u00e9, [&hellip;]<\/p>\n","protected":false},"author":510618,"featured_media":102971,"comment_status":"closed","ping_status":"open","sticky":false,"template":"","format":"standard","meta":{"content-type":"","_FSMCFIC_featured_image_caption":"","_FSMCFIC_featured_image_nocaption":"","_FSMCFIC_featured_image_hide":"","footnotes":""},"categories":[436],"tags":[],"class_list":["post-102953","post","type-post","status-publish","format-standard","has-post-thumbnail","hentry","category-sem-categoria"],"acf":[],"_links":{"self":[{"href":"https:\/\/www.innovae.com\/pt-pt\/wp-json\/wp\/v2\/posts\/102953","targetHints":{"allow":["GET"]}}],"collection":[{"href":"https:\/\/www.innovae.com\/pt-pt\/wp-json\/wp\/v2\/posts"}],"about":[{"href":"https:\/\/www.innovae.com\/pt-pt\/wp-json\/wp\/v2\/types\/post"}],"author":[{"embeddable":true,"href":"https:\/\/www.innovae.com\/pt-pt\/wp-json\/wp\/v2\/users\/510618"}],"replies":[{"embeddable":true,"href":"https:\/\/www.innovae.com\/pt-pt\/wp-json\/wp\/v2\/comments?post=102953"}],"version-history":[{"count":2,"href":"https:\/\/www.innovae.com\/pt-pt\/wp-json\/wp\/v2\/posts\/102953\/revisions"}],"predecessor-version":[{"id":102965,"href":"https:\/\/www.innovae.com\/pt-pt\/wp-json\/wp\/v2\/posts\/102953\/revisions\/102965"}],"wp:featuredmedia":[{"embeddable":true,"href":"https:\/\/www.innovae.com\/pt-pt\/wp-json\/wp\/v2\/media\/102971"}],"wp:attachment":[{"href":"https:\/\/www.innovae.com\/pt-pt\/wp-json\/wp\/v2\/media?parent=102953"}],"wp:term":[{"taxonomy":"category","embeddable":true,"href":"https:\/\/www.innovae.com\/pt-pt\/wp-json\/wp\/v2\/categories?post=102953"},{"taxonomy":"post_tag","embeddable":true,"href":"https:\/\/www.innovae.com\/pt-pt\/wp-json\/wp\/v2\/tags?post=102953"}],"curies":[{"name":"wp","href":"https:\/\/api.w.org\/{rel}","templated":true}]}}