{"id":101450,"date":"2025-12-01T12:21:29","date_gmt":"2025-12-01T10:21:29","guid":{"rendered":"https:\/\/www.innovae.com\/?p=101450"},"modified":"2025-12-01T12:21:29","modified_gmt":"2025-12-01T10:21:29","slug":"rv-industrie-formation-professionnelle","status":"publish","type":"post","link":"https:\/\/www.innovae.com\/fr\/rv-industrie-formation-professionnelle\/","title":{"rendered":"La R\u00e9alit\u00e9 Virtuelle fait le lien entre l&#8217;industrie et la Formation Professionnelle"},"content":{"rendered":"<div class=\"wpb-content-wrapper\"><p>[vc_row type=&#8221;container&#8221; padding_top=&#8221;&#8221; padding_bottom=&#8221;&#8221;][vc_column][vc_column_text css=&#8221;&#8221;]<\/p>\n<p style=\"text-align: justify;\">Alors que les entreprises utilisent des machines \u00e0 grande \u00e9chelle, des installations complexes et des environnements industriels qui exigent des normes \u00e9lev\u00e9es en mati\u00e8re de s\u00e9curit\u00e9 et de formation, <strong>de nombreux centres de formation professionnelle sont confront\u00e9s au d\u00e9fi de transposer fid\u00e8lement cette r\u00e9alit\u00e9 dans leurs salles de classe. <\/strong><\/p>\n<p>[\/vc_column_text][\/vc_column][\/vc_row][vc_row type=&#8221;container&#8221; padding_top=&#8221;&#8221; padding_bottom=&#8221;&#8221;][vc_column][vc_column_text css=&#8221;&#8221;]<\/p>\n<p style=\"text-align: justify;\">Il ne s&#8217;agit pas d&#8217;un manque de volont\u00e9 de former, mais de contraintes physiques, \u00e9conomiques et logistiques : des \u00e9quipements de grande taille qui ne peuvent pas \u00eatre install\u00e9s dans un \u00e9tablissement d&#8217;enseignement, des investissements \u00e9lev\u00e9s qui d\u00e9passent leurs possibilit\u00e9s budg\u00e9taires ou des risques op\u00e9rationnels qui emp\u00eachent les \u00e9l\u00e8ves en formation de manipuler certaines machines.<\/p>\n<p>[\/vc_column_text][\/vc_column][\/vc_row][vc_row type=&#8221;container&#8221; padding_top=&#8221;&#8221; padding_bottom=&#8221;&#8221;][vc_column][vc_column_text css=&#8221;&#8221;]<\/p>\n<p style=\"text-align: justify;\">Ce d\u00e9calage naturel entre le contexte industriel et l&#8217;environnement de formation g\u00e9n\u00e8re un espace d&#8217;am\u00e9lioration dans la pr\u00e9paration pratique des \u00e9tudiants. Bien qu&#8217;ils arrivent sur le march\u00e9 du travail avec une bonne base th\u00e9orique, ils n&#8217;ont pas toujours eu l&#8217;occasion d&#8217;exp\u00e9rimenter directement les \u00e9quipements avec lesquels ils devront ensuite travailler.<\/p>\n<p>[\/vc_column_text][\/vc_column][\/vc_row][vc_row type=&#8221;container&#8221; padding_top=&#8221;&#8221; padding_bottom=&#8221;&#8221;][vc_column][vc_column_text css=&#8221;&#8221;]<\/p>\n<p style=\"text-align: justify;\">L&#8217;am\u00e9lioration de cette ad\u00e9quation, en facilitant la mise en place d&#8217;environnements d&#8217;apprentissage qui refl\u00e8tent fid\u00e8lement le contexte industriel, devient une opportunit\u00e9 cl\u00e9 pour renforcer le lien entre la formation et l&#8217;emploi et garantir la comp\u00e9titivit\u00e9 du tissu productif.<\/p>\n<p>[\/vc_column_text][\/vc_column][\/vc_row][vc_row type=&#8221;container&#8221; padding_top=&#8221;&#8221; padding_bottom=&#8221;&#8221;][vc_column][vc_custom_heading text=&#8221;Amener l&#8217;usine dans la salle de classe sans avoir l&#8217;usine dans la salle de classe&#8221; font_container=&#8221;tag:h2|font_size:28px|text_align:left|color:%23D50057|line_height:36px&#8221; google_fonts=&#8221;font_family:Lato%3A100%2C100italic%2C300%2C300italic%2Cregular%2Citalic%2C700%2C700italic%2C900%2C900italic|font_style:700%20bold%20regular%3A700%3Anormal&#8221; css=&#8221;.vc_custom_1764583482006{margin-bottom: 20px !important;}&#8221;][\/vc_column][\/vc_row][vc_row type=&#8221;container&#8221; padding_top=&#8221;&#8221; padding_bottom=&#8221;&#8221;][vc_column][vc_column_text css=&#8221;&#8221;]<\/p>\n<p style=\"text-align: justify;\">Le contact avec des environnements et des proc\u00e9dures proches de la r\u00e9alit\u00e9 professionnelle augmente l&#8217;int\u00e9r\u00eat des \u00e9tudiants et renforce leur engagement dans la formation. En visualisant et en vivant \u00e0 la premi\u00e8re personne les t\u00e2ches propres au m\u00e9tier, ils augmentent leur motivation, leur compr\u00e9hension de l&#8217;objectif de leur apprentissage et la consolidation de leurs vocations techniques.<\/p>\n<p>[\/vc_column_text][\/vc_column][\/vc_row][vc_row type=&#8221;container&#8221; padding_top=&#8221;&#8221; padding_bottom=&#8221;&#8221;][vc_column][vc_column_text css=&#8221;&#8221;]<\/p>\n<p style=\"text-align: justify;\">Face \u00e0 cette r\u00e9alit\u00e9, la r\u00e9alit\u00e9 virtuelle appara\u00eet comme une <strong>solution efficace et accessible pour rapprocher de la salle de classe des processus et des environnements de travail qui, dans la pratique, seraient trop co\u00fbteux, encombrants ou risqu\u00e9s \u00e0 installer et \u00e0 utiliser dans un \u00e9tablissement d&#8217;enseignement<\/strong>.<\/p>\n<p>[\/vc_column_text][\/vc_column][\/vc_row][vc_row type=&#8221;container&#8221; padding_top=&#8221;&#8221; padding_bottom=&#8221;&#8221;][vc_column][vc_single_image image=&#8221;101434&#8243; img_size=&#8221;full&#8221; alignment=&#8221;center&#8221; css=&#8221;&#8221;][\/vc_column][\/vc_row][vc_row type=&#8221;container&#8221; padding_top=&#8221;&#8221; padding_bottom=&#8221;&#8221;][vc_column][vc_column_text css=&#8221;&#8221;]<\/p>\n<p style=\"text-align: justify;\">De plus, contrairement aux \u00e9quipements physiques, qui n\u00e9cessitent un entretien, un espace de stockage, des pi\u00e8ces de rechange et un renouvellement p\u00e9riodique, les environnements virtuels peuvent \u00eatre mis \u00e0 jour sans co\u00fbts structurels et rester en permanence adapt\u00e9s aux besoins changeants de l&#8217;industrie. Cela d\u00e9mocratise l&#8217;acc\u00e8s \u00e0 la formation la plus avanc\u00e9e et <strong>permet aux \u00e9tablissements d&#8217;enseignement d&#8217;\u00e9voluer au rythme de la r\u00e9alit\u00e9 industrielle sans avoir \u00e0 r\u00e9aliser \u00e0 chaque fois des investissements disproportionn\u00e9s.<\/strong><\/p>\n<p>[\/vc_column_text][\/vc_column][\/vc_row][vc_row type=&#8221;container&#8221; padding_top=&#8221;&#8221; padding_bottom=&#8221;&#8221;][vc_column][vc_custom_heading text=&#8221;Le co\u00fbt de l&#8217;inaction&#8221; font_container=&#8221;tag:h2|font_size:28px|text_align:left|color:%23D50057|line_height:36px&#8221; google_fonts=&#8221;font_family:Lato%3A100%2C100italic%2C300%2C300italic%2Cregular%2Citalic%2C700%2C700italic%2C900%2C900italic|font_style:700%20bold%20regular%3A700%3Anormal&#8221; css=&#8221;.vc_custom_1764583509866{margin-bottom: 20px !important;}&#8221;][\/vc_column][\/vc_row][vc_row type=&#8221;container&#8221; padding_top=&#8221;&#8221; padding_bottom=&#8221;&#8221;][vc_column][vc_column_text css=&#8221;&#8221;]<\/p>\n<p style=\"text-align: justify;\">Au niveau institutionnel, les organismes europ\u00e9ens charg\u00e9s de suivre l&#8217;\u00e9volution des qualifications techniques et les besoins du march\u00e9 du travail s&#8217;accordent sur le diagnostic : la formation professionnelle doit \u00e9voluer vers des mod\u00e8les d&#8217;apprentissage plus li\u00e9s \u00e0 l&#8217;environnement productif r\u00e9el.<\/p>\n<p>[\/vc_column_text][\/vc_column][\/vc_row][vc_row type=&#8221;container&#8221; padding_top=&#8221;&#8221; padding_bottom=&#8221;&#8221;][vc_column][vc_column_text css=&#8221;&#8221;]<\/p>\n<p style=\"text-align: justify;\">Plus pr\u00e9cis\u00e9ment, selon <a title=\"Cedefop\" href=\"https:\/\/www.cedefop.europa.eu\/en\/publications\/9200?utm_source=chatgpt.com\" target=\"_blank\" rel=\"noopener\"><strong>le Cedefop<\/strong><\/a>, l&#8217;une des principales r\u00e9f\u00e9rences en mati\u00e8re d&#8217;analyse de l&#8217;avenir de la formation professionnelle en Europe<strong>, la num\u00e9risation des programmes de formation n&#8217;est pas une option, mais une condition pour garantir la pertinence de l&#8217;enseignement professionnel dans l&#8217;\u00e9conomie europ\u00e9enne. <\/strong>Ne pas aborder cette fracture avec une vision strat\u00e9gique et globale peut limiter le rythme d&#8217;alignement entre la formation et l&#8217;environnement productif.<\/p>\n<p>[\/vc_column_text][\/vc_column][\/vc_row][vc_row type=&#8221;container&#8221; padding_top=&#8221;&#8221; padding_bottom=&#8221;&#8221;][vc_column][vc_column_text css=&#8221;&#8221;]<\/p>\n<p style=\"text-align: justify;\">Du point de vue des entreprises, le fait de disposer d&#8217;un personnel familiaris\u00e9 avec les proc\u00e9dures r\u00e9elles facilite l&#8217;int\u00e9gration de nouveaux outils et m\u00e9thodologies dans leurs op\u00e9rations. Dans le m\u00eame temps, un apprentissage pratique plus proche de la r\u00e9alit\u00e9 professionnelle aide les \u00e9tudiants \u00e0 acc\u00e9der au march\u00e9 du travail avec plus de confiance et de pr\u00e9paration.<\/p>\n<p>[\/vc_column_text][\/vc_column][\/vc_row][vc_row type=&#8221;container&#8221; padding_top=&#8221;&#8221; padding_bottom=&#8221;&#8221;][vc_column][vc_column_text css=&#8221;&#8221;]<\/p>\n<p style=\"text-align: justify;\">Et pour la soci\u00e9t\u00e9 dans son ensemble, progresser vers une formation plus en phase avec la r\u00e9alit\u00e9 du monde industriel revient \u00e0 renforcer l&#8217;un des moteurs essentiels de la transformation productive et durable. Disposer de professionnels familiaris\u00e9s avec les processus r\u00e9els contribue \u00e0 stimuler des secteurs cl\u00e9s tels que la fabrication de pointe, les \u00e9nergies renouvelables ou la mobilit\u00e9 durable, et \u00e0 favoriser une transition industrielle solide, s\u00fbre et comp\u00e9titive.<\/p>\n<p>[\/vc_column_text][\/vc_column][\/vc_row][vc_row type=&#8221;container&#8221; padding_top=&#8221;&#8221; padding_bottom=&#8221;&#8221;][vc_column][vc_custom_heading text=&#8221;L&#8217;usine du futur doit entrer d\u00e8s aujourd&#8217;hui dans les salles de classe&#8221; font_container=&#8221;tag:h2|font_size:28px|text_align:left|color:%23D50057|line_height:36px&#8221; google_fonts=&#8221;font_family:Lato%3A100%2C100italic%2C300%2C300italic%2Cregular%2Citalic%2C700%2C700italic%2C900%2C900italic|font_style:700%20bold%20regular%3A700%3Anormal&#8221; css=&#8221;.vc_custom_1764583554145{margin-bottom: 20px !important;}&#8221;][\/vc_column][\/vc_row][vc_row type=&#8221;container&#8221; padding_top=&#8221;&#8221; padding_bottom=&#8221;&#8221;][vc_column][vc_column_text css=&#8221;&#8221;]<\/p>\n<p style=\"text-align: justify;\">Le foss\u00e9 entre l&#8217;industrie 4.0 et la formation professionnelle n&#8217;est plus une hypoth\u00e8se : c&#8217;est une r\u00e9alit\u00e9 tangible qui touche les entreprises, les \u00e9tablissements d&#8217;enseignement, les travailleurs et les \u00e9tudiants. La bonne nouvelle, c&#8217;est qu&#8217;il existe des solutions telles que la r\u00e9alit\u00e9 virtuelle qui permettent de r\u00e9duire cette distance, de d\u00e9mocratiser l&#8217;acc\u00e8s \u00e0 des environnements techniques avanc\u00e9s et de pr\u00e9parer les talents de demain.<\/p>\n<p>[\/vc_column_text][\/vc_column][\/vc_row][vc_row type=&#8221;container&#8221; padding_top=&#8221;&#8221; padding_bottom=&#8221;&#8221;][vc_column][vc_column_text css=&#8221;&#8221;]<\/p>\n<p style=\"text-align: justify;\">Cette technologie ne vise pas \u00e0 remplacer la formation pratique traditionnelle ni l&#8217;exp\u00e9rience des machines r\u00e9elles, mais \u00e0 les compl\u00e9ter. Son r\u00f4le est d&#8217;\u00e9largir l&#8217;acc\u00e8s \u00e0 des sc\u00e9narios industriels r\u00e9els que l&#8217;\u00e9tablissement d&#8217;enseignement ne peut reproduire physiquement, devenant ainsi un alli\u00e9 des ateliers existants, renfor\u00e7ant l&#8217;apprentissage pratique et am\u00e9liorant la qualit\u00e9 de la formation sans d\u00e9pendre d&#8217;infrastructures physiques co\u00fbteuses.<\/p>\n<p>[\/vc_column_text][\/vc_column][\/vc_row][vc_row type=&#8221;container&#8221; padding_top=&#8221;&#8221; padding_bottom=&#8221;&#8221;][vc_column][vc_column_text css=&#8221;&#8221;]<\/p>\n<p style=\"text-align: justify;\">Mais il ne suffit pas de reconna\u00eetre son potentiel : il faut agir. <strong>L&#8217;int\u00e9gration de ces outils dans les programmes de formation professionnelle, la formation des enseignants, les partenariats avec les entreprises technologiques et le soutien institutionnel sont des \u00e9l\u00e9ments indispensables <\/strong>pour garantir que la formation technique reste une voie efficace vers des emplois de qualit\u00e9, dans un march\u00e9 de plus en plus exigeant et mondialis\u00e9.<\/p>\n<p>[\/vc_column_text][\/vc_column][\/vc_row][vc_row type=&#8221;container&#8221; padding_top=&#8221;&#8221; padding_bottom=&#8221;&#8221;][vc_column][vc_column_text css=&#8221;&#8221;]<\/p>\n<p style=\"text-align: justify;\">L&#8217;usine du futur est d\u00e9j\u00e0 en marche. La question est de savoir si nous serons capables de l&#8217;introduire dans les salles de classe \u00e0 temps.<\/p>\n<p>[\/vc_column_text][\/vc_column][\/vc_row]<\/p>\n<\/div>","protected":false},"excerpt":{"rendered":"<p>[vc_row type=&#8221;container&#8221; padding_top=&#8221;&#8221; padding_bottom=&#8221;&#8221;][vc_column][vc_column_text css=&#8221;&#8221;] Alors que les entreprises utilisent des machines \u00e0 grande \u00e9chelle, des installations complexes et des environnements industriels qui exigent des normes \u00e9lev\u00e9es en mati\u00e8re de s\u00e9curit\u00e9 et de formation, de nombreux centres de formation professionnelle sont confront\u00e9s au d\u00e9fi de transposer fid\u00e8lement cette r\u00e9alit\u00e9 dans leurs salles de classe. [\/vc_column_text][\/vc_column][\/vc_row][vc_row [&hellip;]<\/p>\n","protected":false},"author":510618,"featured_media":101428,"comment_status":"closed","ping_status":"open","sticky":false,"template":"","format":"standard","meta":{"content-type":"","_FSMCFIC_featured_image_caption":"","_FSMCFIC_featured_image_nocaption":"","_FSMCFIC_featured_image_hide":"","footnotes":""},"categories":[216],"tags":[],"class_list":["post-101450","post","type-post","status-publish","format-standard","has-post-thumbnail","hentry","category-non-classifiee"],"acf":[],"_links":{"self":[{"href":"https:\/\/www.innovae.com\/fr\/wp-json\/wp\/v2\/posts\/101450","targetHints":{"allow":["GET"]}}],"collection":[{"href":"https:\/\/www.innovae.com\/fr\/wp-json\/wp\/v2\/posts"}],"about":[{"href":"https:\/\/www.innovae.com\/fr\/wp-json\/wp\/v2\/types\/post"}],"author":[{"embeddable":true,"href":"https:\/\/www.innovae.com\/fr\/wp-json\/wp\/v2\/users\/510618"}],"replies":[{"embeddable":true,"href":"https:\/\/www.innovae.com\/fr\/wp-json\/wp\/v2\/comments?post=101450"}],"version-history":[{"count":2,"href":"https:\/\/www.innovae.com\/fr\/wp-json\/wp\/v2\/posts\/101450\/revisions"}],"predecessor-version":[{"id":101460,"href":"https:\/\/www.innovae.com\/fr\/wp-json\/wp\/v2\/posts\/101450\/revisions\/101460"}],"wp:featuredmedia":[{"embeddable":true,"href":"https:\/\/www.innovae.com\/fr\/wp-json\/wp\/v2\/media\/101428"}],"wp:attachment":[{"href":"https:\/\/www.innovae.com\/fr\/wp-json\/wp\/v2\/media?parent=101450"}],"wp:term":[{"taxonomy":"category","embeddable":true,"href":"https:\/\/www.innovae.com\/fr\/wp-json\/wp\/v2\/categories?post=101450"},{"taxonomy":"post_tag","embeddable":true,"href":"https:\/\/www.innovae.com\/fr\/wp-json\/wp\/v2\/tags?post=101450"}],"curies":[{"name":"wp","href":"https:\/\/api.w.org\/{rel}","templated":true}]}}